{"id":3195,"date":"2025-10-26T08:37:14","date_gmt":"2025-10-26T07:37:14","guid":{"rendered":"https:\/\/www.linneenne-amiens.org\/?p=3195"},"modified":"2025-10-26T08:38:15","modified_gmt":"2025-10-26T07:38:15","slug":"conference-patrimoine-fruitier-hdf","status":"publish","type":"post","link":"https:\/\/www.linneenne-amiens.org\/?p=3195","title":{"rendered":"Information de la Grainoth\u00e8que de Moreuil : Conf\u00e9rence Patrimoine l\u00e9gumier et fruitier des Hauts de France"},"content":{"rendered":"\n<p>Bonjour \u00e0 toutes et \u00e0 tous ! \ud83c\udf3c<br><br>La grainoth\u00e8que de Moreuil a le plaisir de vous inviter \u00e0 une conf\u00e9rence anim\u00e9e par M. Boucherie, du <a href=\"https:\/\/www.enrx.fr\/crrg\/\">Centre R\u00e9gional de Ressources G\u00e9n\u00e9tiques d\u2019Espaces Naturels R\u00e9gionaux (ENRx)<\/a>.<\/p>\n\n\n\n<p>Th\u00e8me : Le patrimoine l\u00e9gumier et fruitier des Hauts-de-France<br><br>Au programme :<\/p>\n\n\n\n<p>&#8211; D\u00e9couvrez l\u2019histoire passionnante des vari\u00e9t\u00e9s l\u00e9gumi\u00e8res et fruiti\u00e8res originaires de notre r\u00e9gion.<br>&#8211; Apprenez quelques techniques de culture issues du savoir-faire r\u00e9gional.<\/p>\n\n\n\n<p>&#8211; Profitez d\u2019un moment convivial pour \u00e9changer autour de nos jardins et de nos graines !<br><br>Date : Vendredi 7 novembre \u00e0 20h.&nbsp;<br>Lieu : Centre culturel de Moreuil \u2013 2 rue Gambetta.&nbsp;<\/p>\n\n\n\n<p>Rendez-vous dans le hall, la salle de conf\u00e9rence se trouve au sous-sol.<\/p>\n\n\n\n<p>Attention : malheureusement, la salle n&rsquo;est pas accessible aux personnes \u00e0 mobilit\u00e9 r\u00e9duite. Des escaliers m\u00e8nent \u00e0 la salle.&nbsp;<br><br>La conf\u00e9rence sera suivie d\u2019un troc de graines.&nbsp;<\/p>\n\n\n\n<p>Pensez \u00e0 apporter quelques graines \u00e0 \u00e9changer : l\u00e9gumes, fleurs, aromatiques, tout est bienvenu !<\/p>\n\n\n\n<p>Des vari\u00e9t\u00e9s originales seront \u00e9galement disponibles lors de l\u2019\u00e9v\u00e9nement : Dolique d\u2019\u00c9gypte, Digitalis ferruginea, melon \u00e0 confiture (citre), tomates anciennes, fleurs rares\u2026 et bien d\u2019autres surprises !<br><br>Entr\u00e9e gratuite, mais inscription obligatoire (moins de 15 inscrits = \u00e9v\u00e9nement annul\u00e9).<br>\ud83d\udcde Inscription au 06 32 70 26 33<br><br>N\u2019h\u00e9sitez pas \u00e0 partager l\u2019invitation autour de vous : jardiniers passionn\u00e9s, curieux du patrimoine r\u00e9gional ou simples amoureux de la nature, tout le monde est bienvenu !\u00a0<br><br>Au plaisir de vous retrouver nombreux pour cette belle soir\u00e9e de d\u00e9couvertes et d\u2019\u00e9changes !<br><br>\u00c0 tr\u00e8s bient\u00f4t,<br>Marine, b\u00e9n\u00e9vole pour la grainoth\u00e8que de Moreuil.<br><\/p>\n\n\n\n<figure class=\"wp-block-image size-large\"><a href=\"https:\/\/www.linneenne-amiens.org\/wp-content\/uploads\/2025\/10\/FB_IMG_1760728426191.jpg\"><img loading=\"lazy\" decoding=\"async\" width=\"724\" height=\"1024\" src=\"https:\/\/www.linneenne-amiens.org\/wp-content\/uploads\/2025\/10\/FB_IMG_1760728426191-724x1024.jpg\" alt=\"\" class=\"wp-image-3198\" srcset=\"https:\/\/www.linneenne-amiens.org\/wp-content\/uploads\/2025\/10\/FB_IMG_1760728426191-724x1024.jpg 724w, https:\/\/www.linneenne-amiens.org\/wp-content\/uploads\/2025\/10\/FB_IMG_1760728426191-212x300.jpg 212w, https:\/\/www.linneenne-amiens.org\/wp-content\/uploads\/2025\/10\/FB_IMG_1760728426191-768x1086.jpg 768w, https:\/\/www.linneenne-amiens.org\/wp-content\/uploads\/2025\/10\/FB_IMG_1760728426191-1086x1536.jpg 1086w, https:\/\/www.linneenne-amiens.org\/wp-content\/uploads\/2025\/10\/FB_IMG_1760728426191.jpg 1448w\" sizes=\"auto, (max-width: 724px) 100vw, 724px\" \/><\/a><\/figure>\n","protected":false},"excerpt":{"rendered":"<p>Bonjour \u00e0 toutes et \u00e0 tous ! \ud83c\udf3c La grainoth\u00e8que de Moreuil a le plaisir de vous inviter \u00e0 une conf\u00e9rence anim\u00e9e par M. Boucherie, du Centre R\u00e9gional de Ressources <a class=\"more-link\" href=\"https:\/\/www.linneenne-amiens.org\/?p=3195\">Continuer la lecture \u2192<\/a><\/p>\n","protected":false},"author":1,"featured_media":3198,"comment_status":"open","ping_status":"open","sticky":false,"template":"","format":"standard","meta":{"footnotes":""},"categories":[15,29],"tags":[],"class_list":["post-3195","post","type-post","status-publish","format-standard","has-post-thumbnail","hentry","category-actus","category-evenement"],"yoast_head":"<!-- This site is optimized with the Yoast SEO plugin v27.5 - https:\/\/yoast.com\/product\/yoast-seo-wordpress\/ -->\n<title>Information de la Grainoth\u00e8que de Moreuil : Conf\u00e9rence Patrimoine l\u00e9gumier et fruitier des Hauts de France - Soci\u00e9t\u00e9 linn\u00e9enne Nord-Picardie<\/title>\n<meta name=\"description\" content=\"grainotheque, conf\u00e9rence, hauts de france, patrimoine l\u00e9gumier et fruitier, M. Boucherie, Centre r\u00e9gional de ressources g\u00e9n\u00e9tiques d&#039;espaces naturels r\u00e9gionaux, ENRX, https:\/\/www.enrx.fr\/crrg\/\" \/>\n<meta name=\"robots\" content=\"index, follow, max-snippet:-1, max-image-preview:large, max-video-preview:-1\" \/>\n<link rel=\"canonical\" href=\"https:\/\/www.linneenne-amiens.org\/?p=3195\" \/>\n<meta property=\"og:locale\" content=\"fr_FR\" \/>\n<meta property=\"og:type\" content=\"article\" \/>\n<meta property=\"og:title\" content=\"Information de la Grainoth\u00e8que de Moreuil : Conf\u00e9rence Patrimoine l\u00e9gumier et fruitier des Hauts de France - Soci\u00e9t\u00e9 linn\u00e9enne Nord-Picardie\" \/>\n<meta property=\"og:description\" content=\"grainotheque, conf\u00e9rence, hauts de france, patrimoine l\u00e9gumier et fruitier, M. Boucherie, Centre r\u00e9gional de ressources g\u00e9n\u00e9tiques d&#039;espaces naturels r\u00e9gionaux, ENRX, https:\/\/www.enrx.fr\/crrg\/\" \/>\n<meta property=\"og:url\" content=\"https:\/\/www.linneenne-amiens.org\/?p=3195\" \/>\n<meta property=\"og:site_name\" content=\"Soci\u00e9t\u00e9 linn\u00e9enne Nord-Picardie\" \/>\n<meta property=\"article:publisher\" content=\"https:\/\/www.facebook.com\/slnp80\" \/>\n<meta property=\"article:published_time\" content=\"2025-10-26T07:37:14+00:00\" \/>\n<meta property=\"article:modified_time\" content=\"2025-10-26T07:38:15+00:00\" \/>\n<meta property=\"og:image\" content=\"https:\/\/www.linneenne-amiens.org\/wp-content\/uploads\/2025\/10\/FB_IMG_1760728426191.jpg\" \/>\n\t<meta property=\"og:image:width\" content=\"1448\" \/>\n\t<meta property=\"og:image:height\" content=\"2048\" \/>\n\t<meta property=\"og:image:type\" content=\"image\/jpeg\" \/>\n<meta name=\"author\" content=\"admin\" \/>\n<meta name=\"twitter:label1\" content=\"\u00c9crit par\" \/>\n\t<meta name=\"twitter:data1\" content=\"admin\" \/>\n\t<meta name=\"twitter:label2\" content=\"Dur\u00e9e de lecture estim\u00e9e\" \/>\n\t<meta name=\"twitter:data2\" content=\"2 minutes\" \/>\n<script type=\"application\/ld+json\" class=\"yoast-schema-graph\">{\"@context\":\"https:\\\/\\\/schema.org\",\"@graph\":[{\"@type\":\"Article\",\"@id\":\"https:\\\/\\\/www.linneenne-amiens.org\\\/?p=3195#article\",\"isPartOf\":{\"@id\":\"https:\\\/\\\/www.linneenne-amiens.org\\\/?p=3195\"},\"author\":{\"name\":\"admin\",\"@id\":\"https:\\\/\\\/www.linneenne-amiens.org\\\/#\\\/schema\\\/person\\\/78a8ed1743efb910c89a287861cae480\"},\"headline\":\"Information de la Grainoth\u00e8que de Moreuil : Conf\u00e9rence Patrimoine l\u00e9gumier et fruitier des Hauts de France\",\"datePublished\":\"2025-10-26T07:37:14+00:00\",\"dateModified\":\"2025-10-26T07:38:15+00:00\",\"mainEntityOfPage\":{\"@id\":\"https:\\\/\\\/www.linneenne-amiens.org\\\/?p=3195\"},\"wordCount\":289,\"commentCount\":0,\"publisher\":{\"@id\":\"https:\\\/\\\/www.linneenne-amiens.org\\\/#organization\"},\"image\":{\"@id\":\"https:\\\/\\\/www.linneenne-amiens.org\\\/?p=3195#primaryimage\"},\"thumbnailUrl\":\"https:\\\/\\\/www.linneenne-amiens.org\\\/wp-content\\\/uploads\\\/2025\\\/10\\\/FB_IMG_1760728426191.jpg\",\"articleSection\":[\"Actualit\u00e9s\",\"Ev\u00e9nement\"],\"inLanguage\":\"fr-FR\",\"potentialAction\":[{\"@type\":\"CommentAction\",\"name\":\"Comment\",\"target\":[\"https:\\\/\\\/www.linneenne-amiens.org\\\/?p=3195#respond\"]}]},{\"@type\":\"WebPage\",\"@id\":\"https:\\\/\\\/www.linneenne-amiens.org\\\/?p=3195\",\"url\":\"https:\\\/\\\/www.linneenne-amiens.org\\\/?p=3195\",\"name\":\"Information de la Grainoth\u00e8que de Moreuil : Conf\u00e9rence Patrimoine l\u00e9gumier et fruitier des Hauts de France - Soci\u00e9t\u00e9 linn\u00e9enne Nord-Picardie\",\"isPartOf\":{\"@id\":\"https:\\\/\\\/www.linneenne-amiens.org\\\/#website\"},\"primaryImageOfPage\":{\"@id\":\"https:\\\/\\\/www.linneenne-amiens.org\\\/?p=3195#primaryimage\"},\"image\":{\"@id\":\"https:\\\/\\\/www.linneenne-amiens.org\\\/?p=3195#primaryimage\"},\"thumbnailUrl\":\"https:\\\/\\\/www.linneenne-amiens.org\\\/wp-content\\\/uploads\\\/2025\\\/10\\\/FB_IMG_1760728426191.jpg\",\"datePublished\":\"2025-10-26T07:37:14+00:00\",\"dateModified\":\"2025-10-26T07:38:15+00:00\",\"description\":\"grainotheque, conf\u00e9rence, hauts de france, patrimoine l\u00e9gumier et fruitier, M. Boucherie, Centre r\u00e9gional de ressources g\u00e9n\u00e9tiques d'espaces naturels r\u00e9gionaux, ENRX, https:\\\/\\\/www.enrx.fr\\\/crrg\\\/\",\"breadcrumb\":{\"@id\":\"https:\\\/\\\/www.linneenne-amiens.org\\\/?p=3195#breadcrumb\"},\"inLanguage\":\"fr-FR\",\"potentialAction\":[{\"@type\":\"ReadAction\",\"target\":[\"https:\\\/\\\/www.linneenne-amiens.org\\\/?p=3195\"]}]},{\"@type\":\"ImageObject\",\"inLanguage\":\"fr-FR\",\"@id\":\"https:\\\/\\\/www.linneenne-amiens.org\\\/?p=3195#primaryimage\",\"url\":\"https:\\\/\\\/www.linneenne-amiens.org\\\/wp-content\\\/uploads\\\/2025\\\/10\\\/FB_IMG_1760728426191.jpg\",\"contentUrl\":\"https:\\\/\\\/www.linneenne-amiens.org\\\/wp-content\\\/uploads\\\/2025\\\/10\\\/FB_IMG_1760728426191.jpg\",\"width\":1448,\"height\":2048},{\"@type\":\"BreadcrumbList\",\"@id\":\"https:\\\/\\\/www.linneenne-amiens.org\\\/?p=3195#breadcrumb\",\"itemListElement\":[{\"@type\":\"ListItem\",\"position\":1,\"name\":\"Accueil\",\"item\":\"https:\\\/\\\/www.linneenne-amiens.org\\\/\"},{\"@type\":\"ListItem\",\"position\":2,\"name\":\"Information de la Grainoth\u00e8que de Moreuil : Conf\u00e9rence Patrimoine l\u00e9gumier et fruitier des Hauts de France\"}]},{\"@type\":\"WebSite\",\"@id\":\"https:\\\/\\\/www.linneenne-amiens.org\\\/#website\",\"url\":\"https:\\\/\\\/www.linneenne-amiens.org\\\/\",\"name\":\"Soci\u00e9t\u00e9 Linn\u00e9enne Nord-Picardie\",\"description\":\"A la d\u00e9couverte des sciences de la nature !\",\"publisher\":{\"@id\":\"https:\\\/\\\/www.linneenne-amiens.org\\\/#organization\"},\"potentialAction\":[{\"@type\":\"SearchAction\",\"target\":{\"@type\":\"EntryPoint\",\"urlTemplate\":\"https:\\\/\\\/www.linneenne-amiens.org\\\/?s={search_term_string}\"},\"query-input\":{\"@type\":\"PropertyValueSpecification\",\"valueRequired\":true,\"valueName\":\"search_term_string\"}}],\"inLanguage\":\"fr-FR\"},{\"@type\":\"Organization\",\"@id\":\"https:\\\/\\\/www.linneenne-amiens.org\\\/#organization\",\"name\":\"Soci\u00e9t\u00e9 Linn\u00e9enne Nord-Picardie\",\"url\":\"https:\\\/\\\/www.linneenne-amiens.org\\\/\",\"logo\":{\"@type\":\"ImageObject\",\"inLanguage\":\"fr-FR\",\"@id\":\"https:\\\/\\\/www.linneenne-amiens.org\\\/#\\\/schema\\\/logo\\\/image\\\/\",\"url\":\"https:\\\/\\\/www.linneenne-amiens.org\\\/wp-content\\\/uploads\\\/2025\\\/07\\\/cropped-logo-entete.png\",\"contentUrl\":\"https:\\\/\\\/www.linneenne-amiens.org\\\/wp-content\\\/uploads\\\/2025\\\/07\\\/cropped-logo-entete.png\",\"width\":128,\"height\":113,\"caption\":\"Soci\u00e9t\u00e9 Linn\u00e9enne Nord-Picardie\"},\"image\":{\"@id\":\"https:\\\/\\\/www.linneenne-amiens.org\\\/#\\\/schema\\\/logo\\\/image\\\/\"},\"sameAs\":[\"https:\\\/\\\/www.facebook.com\\\/slnp80\"]},{\"@type\":\"Person\",\"@id\":\"https:\\\/\\\/www.linneenne-amiens.org\\\/#\\\/schema\\\/person\\\/78a8ed1743efb910c89a287861cae480\",\"name\":\"admin\",\"image\":{\"@type\":\"ImageObject\",\"inLanguage\":\"fr-FR\",\"@id\":\"https:\\\/\\\/secure.gravatar.com\\\/avatar\\\/01db738115c42fa15cb8ce374fcfed9ca9f1948e9c5865d4205ecd0e4c2bb439?s=96&d=mm&r=g\",\"url\":\"https:\\\/\\\/secure.gravatar.com\\\/avatar\\\/01db738115c42fa15cb8ce374fcfed9ca9f1948e9c5865d4205ecd0e4c2bb439?s=96&d=mm&r=g\",\"contentUrl\":\"https:\\\/\\\/secure.gravatar.com\\\/avatar\\\/01db738115c42fa15cb8ce374fcfed9ca9f1948e9c5865d4205ecd0e4c2bb439?s=96&d=mm&r=g\",\"caption\":\"admin\"},\"sameAs\":[\"https:\\\/\\\/linneenne-amiens.org\"],\"url\":\"https:\\\/\\\/www.linneenne-amiens.org\\\/?author=1\"}]}<\/script>\n<!-- \/ Yoast SEO plugin. -->","yoast_head_json":{"title":"Information de la Grainoth\u00e8que de Moreuil : Conf\u00e9rence Patrimoine l\u00e9gumier et fruitier des Hauts de France - Soci\u00e9t\u00e9 linn\u00e9enne Nord-Picardie","description":"grainotheque, conf\u00e9rence, hauts de france, patrimoine l\u00e9gumier et fruitier, M. Boucherie, Centre r\u00e9gional de ressources g\u00e9n\u00e9tiques d'espaces naturels r\u00e9gionaux, ENRX, https:\/\/www.enrx.fr\/crrg\/","robots":{"index":"index","follow":"follow","max-snippet":"max-snippet:-1","max-image-preview":"max-image-preview:large","max-video-preview":"max-video-preview:-1"},"canonical":"https:\/\/www.linneenne-amiens.org\/?p=3195","og_locale":"fr_FR","og_type":"article","og_title":"Information de la Grainoth\u00e8que de Moreuil : Conf\u00e9rence Patrimoine l\u00e9gumier et fruitier des Hauts de France - Soci\u00e9t\u00e9 linn\u00e9enne Nord-Picardie","og_description":"grainotheque, conf\u00e9rence, hauts de france, patrimoine l\u00e9gumier et fruitier, M. Boucherie, Centre r\u00e9gional de ressources g\u00e9n\u00e9tiques d'espaces naturels r\u00e9gionaux, ENRX, https:\/\/www.enrx.fr\/crrg\/","og_url":"https:\/\/www.linneenne-amiens.org\/?p=3195","og_site_name":"Soci\u00e9t\u00e9 linn\u00e9enne Nord-Picardie","article_publisher":"https:\/\/www.facebook.com\/slnp80","article_published_time":"2025-10-26T07:37:14+00:00","article_modified_time":"2025-10-26T07:38:15+00:00","og_image":[{"width":1448,"height":2048,"url":"https:\/\/www.linneenne-amiens.org\/wp-content\/uploads\/2025\/10\/FB_IMG_1760728426191.jpg","type":"image\/jpeg"}],"author":"admin","twitter_misc":{"\u00c9crit par":"admin","Dur\u00e9e de lecture estim\u00e9e":"2 minutes"},"schema":{"@context":"https:\/\/schema.org","@graph":[{"@type":"Article","@id":"https:\/\/www.linneenne-amiens.org\/?p=3195#article","isPartOf":{"@id":"https:\/\/www.linneenne-amiens.org\/?p=3195"},"author":{"name":"admin","@id":"https:\/\/www.linneenne-amiens.org\/#\/schema\/person\/78a8ed1743efb910c89a287861cae480"},"headline":"Information de la Grainoth\u00e8que de Moreuil : Conf\u00e9rence Patrimoine l\u00e9gumier et fruitier des Hauts de France","datePublished":"2025-10-26T07:37:14+00:00","dateModified":"2025-10-26T07:38:15+00:00","mainEntityOfPage":{"@id":"https:\/\/www.linneenne-amiens.org\/?p=3195"},"wordCount":289,"commentCount":0,"publisher":{"@id":"https:\/\/www.linneenne-amiens.org\/#organization"},"image":{"@id":"https:\/\/www.linneenne-amiens.org\/?p=3195#primaryimage"},"thumbnailUrl":"https:\/\/www.linneenne-amiens.org\/wp-content\/uploads\/2025\/10\/FB_IMG_1760728426191.jpg","articleSection":["Actualit\u00e9s","Ev\u00e9nement"],"inLanguage":"fr-FR","potentialAction":[{"@type":"CommentAction","name":"Comment","target":["https:\/\/www.linneenne-amiens.org\/?p=3195#respond"]}]},{"@type":"WebPage","@id":"https:\/\/www.linneenne-amiens.org\/?p=3195","url":"https:\/\/www.linneenne-amiens.org\/?p=3195","name":"Information de la Grainoth\u00e8que de Moreuil : Conf\u00e9rence Patrimoine l\u00e9gumier et fruitier des Hauts de France - Soci\u00e9t\u00e9 linn\u00e9enne Nord-Picardie","isPartOf":{"@id":"https:\/\/www.linneenne-amiens.org\/#website"},"primaryImageOfPage":{"@id":"https:\/\/www.linneenne-amiens.org\/?p=3195#primaryimage"},"image":{"@id":"https:\/\/www.linneenne-amiens.org\/?p=3195#primaryimage"},"thumbnailUrl":"https:\/\/www.linneenne-amiens.org\/wp-content\/uploads\/2025\/10\/FB_IMG_1760728426191.jpg","datePublished":"2025-10-26T07:37:14+00:00","dateModified":"2025-10-26T07:38:15+00:00","description":"grainotheque, conf\u00e9rence, hauts de france, patrimoine l\u00e9gumier et fruitier, M. Boucherie, Centre r\u00e9gional de ressources g\u00e9n\u00e9tiques d'espaces naturels r\u00e9gionaux, ENRX, https:\/\/www.enrx.fr\/crrg\/","breadcrumb":{"@id":"https:\/\/www.linneenne-amiens.org\/?p=3195#breadcrumb"},"inLanguage":"fr-FR","potentialAction":[{"@type":"ReadAction","target":["https:\/\/www.linneenne-amiens.org\/?p=3195"]}]},{"@type":"ImageObject","inLanguage":"fr-FR","@id":"https:\/\/www.linneenne-amiens.org\/?p=3195#primaryimage","url":"https:\/\/www.linneenne-amiens.org\/wp-content\/uploads\/2025\/10\/FB_IMG_1760728426191.jpg","contentUrl":"https:\/\/www.linneenne-amiens.org\/wp-content\/uploads\/2025\/10\/FB_IMG_1760728426191.jpg","width":1448,"height":2048},{"@type":"BreadcrumbList","@id":"https:\/\/www.linneenne-amiens.org\/?p=3195#breadcrumb","itemListElement":[{"@type":"ListItem","position":1,"name":"Accueil","item":"https:\/\/www.linneenne-amiens.org\/"},{"@type":"ListItem","position":2,"name":"Information de la Grainoth\u00e8que de Moreuil : Conf\u00e9rence Patrimoine l\u00e9gumier et fruitier des Hauts de France"}]},{"@type":"WebSite","@id":"https:\/\/www.linneenne-amiens.org\/#website","url":"https:\/\/www.linneenne-amiens.org\/","name":"Soci\u00e9t\u00e9 Linn\u00e9enne Nord-Picardie","description":"A la d\u00e9couverte des sciences de la nature !","publisher":{"@id":"https:\/\/www.linneenne-amiens.org\/#organization"},"potentialAction":[{"@type":"SearchAction","target":{"@type":"EntryPoint","urlTemplate":"https:\/\/www.linneenne-amiens.org\/?s={search_term_string}"},"query-input":{"@type":"PropertyValueSpecification","valueRequired":true,"valueName":"search_term_string"}}],"inLanguage":"fr-FR"},{"@type":"Organization","@id":"https:\/\/www.linneenne-amiens.org\/#organization","name":"Soci\u00e9t\u00e9 Linn\u00e9enne Nord-Picardie","url":"https:\/\/www.linneenne-amiens.org\/","logo":{"@type":"ImageObject","inLanguage":"fr-FR","@id":"https:\/\/www.linneenne-amiens.org\/#\/schema\/logo\/image\/","url":"https:\/\/www.linneenne-amiens.org\/wp-content\/uploads\/2025\/07\/cropped-logo-entete.png","contentUrl":"https:\/\/www.linneenne-amiens.org\/wp-content\/uploads\/2025\/07\/cropped-logo-entete.png","width":128,"height":113,"caption":"Soci\u00e9t\u00e9 Linn\u00e9enne Nord-Picardie"},"image":{"@id":"https:\/\/www.linneenne-amiens.org\/#\/schema\/logo\/image\/"},"sameAs":["https:\/\/www.facebook.com\/slnp80"]},{"@type":"Person","@id":"https:\/\/www.linneenne-amiens.org\/#\/schema\/person\/78a8ed1743efb910c89a287861cae480","name":"admin","image":{"@type":"ImageObject","inLanguage":"fr-FR","@id":"https:\/\/secure.gravatar.com\/avatar\/01db738115c42fa15cb8ce374fcfed9ca9f1948e9c5865d4205ecd0e4c2bb439?s=96&d=mm&r=g","url":"https:\/\/secure.gravatar.com\/avatar\/01db738115c42fa15cb8ce374fcfed9ca9f1948e9c5865d4205ecd0e4c2bb439?s=96&d=mm&r=g","contentUrl":"https:\/\/secure.gravatar.com\/avatar\/01db738115c42fa15cb8ce374fcfed9ca9f1948e9c5865d4205ecd0e4c2bb439?s=96&d=mm&r=g","caption":"admin"},"sameAs":["https:\/\/linneenne-amiens.org"],"url":"https:\/\/www.linneenne-amiens.org\/?author=1"}]}},"_links":{"self":[{"href":"https:\/\/www.linneenne-amiens.org\/index.php?rest_route=\/wp\/v2\/posts\/3195","targetHints":{"allow":["GET"]}}],"collection":[{"href":"https:\/\/www.linneenne-amiens.org\/index.php?rest_route=\/wp\/v2\/posts"}],"about":[{"href":"https:\/\/www.linneenne-amiens.org\/index.php?rest_route=\/wp\/v2\/types\/post"}],"author":[{"embeddable":true,"href":"https:\/\/www.linneenne-amiens.org\/index.php?rest_route=\/wp\/v2\/users\/1"}],"replies":[{"embeddable":true,"href":"https:\/\/www.linneenne-amiens.org\/index.php?rest_route=%2Fwp%2Fv2%2Fcomments&post=3195"}],"version-history":[{"count":3,"href":"https:\/\/www.linneenne-amiens.org\/index.php?rest_route=\/wp\/v2\/posts\/3195\/revisions"}],"predecessor-version":[{"id":3199,"href":"https:\/\/www.linneenne-amiens.org\/index.php?rest_route=\/wp\/v2\/posts\/3195\/revisions\/3199"}],"wp:featuredmedia":[{"embeddable":true,"href":"https:\/\/www.linneenne-amiens.org\/index.php?rest_route=\/wp\/v2\/media\/3198"}],"wp:attachment":[{"href":"https:\/\/www.linneenne-amiens.org\/index.php?rest_route=%2Fwp%2Fv2%2Fmedia&parent=3195"}],"wp:term":[{"taxonomy":"category","embeddable":true,"href":"https:\/\/www.linneenne-amiens.org\/index.php?rest_route=%2Fwp%2Fv2%2Fcategories&post=3195"},{"taxonomy":"post_tag","embeddable":true,"href":"https:\/\/www.linneenne-amiens.org\/index.php?rest_route=%2Fwp%2Fv2%2Ftags&post=3195"}],"curies":[{"name":"wp","href":"https:\/\/api.w.org\/{rel}","templated":true}]}}