{"id":3252,"date":"2025-11-22T11:40:45","date_gmt":"2025-11-22T10:40:45","guid":{"rendered":"https:\/\/www.linneenne-amiens.org\/?p=3252"},"modified":"2025-11-22T11:50:32","modified_gmt":"2025-11-22T10:50:32","slug":"retrospective-photo-foret-de-hez-foidmont","status":"publish","type":"post","link":"https:\/\/www.linneenne-amiens.org\/?p=3252","title":{"rendered":"2025-10-20 R\u00e9trospective photo &#8211; Foret de Hez-Foidmont"},"content":{"rendered":"\n<p>Sortie mycologique avec la SLNP et l\u2019Association des Botanistes et Mycologues amateurs de la r\u00e9gion de Senlis (ABMARS). <br><br>Une vingtaine de participants pour 83 esp\u00e8ces relev\u00e9es.<\/p>\n\n\n\n<p>For\u00eat de Hez-Froidmont ( 60)&nbsp;: parcours de la Maison foresti\u00e8re du Ch\u00eane St-Louis \u00e0 l\u2019\u00c9tang de La Neuville-en-Hez.<\/p>\n\n\n\n<figure class=\"wp-block-gallery has-nested-images columns-default is-cropped wp-block-gallery-1 is-layout-flex wp-block-gallery-is-layout-flex\">\n<figure class=\"wp-block-image size-large\"><a href=\"https:\/\/www.linneenne-amiens.org\/wp-content\/uploads\/2025\/11\/2025-10-20_Amanita-porphyria_A.Poitou-scaled.jpg\"><img loading=\"lazy\" decoding=\"async\" width=\"768\" height=\"1024\" data-id=\"3233\" src=\"https:\/\/www.linneenne-amiens.org\/wp-content\/uploads\/2025\/11\/2025-10-20_Amanita-porphyria_A.Poitou-768x1024.jpg\" alt=\"Amanita orphyria A.Poitou\" class=\"wp-image-3233\" srcset=\"https:\/\/www.linneenne-amiens.org\/wp-content\/uploads\/2025\/11\/2025-10-20_Amanita-porphyria_A.Poitou-768x1024.jpg 768w, https:\/\/www.linneenne-amiens.org\/wp-content\/uploads\/2025\/11\/2025-10-20_Amanita-porphyria_A.Poitou-225x300.jpg 225w, https:\/\/www.linneenne-amiens.org\/wp-content\/uploads\/2025\/11\/2025-10-20_Amanita-porphyria_A.Poitou-1152x1536.jpg 1152w, https:\/\/www.linneenne-amiens.org\/wp-content\/uploads\/2025\/11\/2025-10-20_Amanita-porphyria_A.Poitou-1536x2048.jpg 1536w, https:\/\/www.linneenne-amiens.org\/wp-content\/uploads\/2025\/11\/2025-10-20_Amanita-porphyria_A.Poitou-scaled.jpg 1920w\" sizes=\"auto, (max-width: 768px) 100vw, 768px\" \/><\/a><figcaption class=\"wp-element-caption\">Amanita orphyria A.Poitou<\/figcaption><\/figure>\n\n\n\n<figure class=\"wp-block-image size-large\"><a href=\"https:\/\/www.linneenne-amiens.org\/wp-content\/uploads\/2025\/11\/2025-10-20_Clavariadelphus-pistillaris_A.Poitou-scaled.jpg\"><img loading=\"lazy\" decoding=\"async\" width=\"768\" height=\"1024\" data-id=\"3232\" src=\"https:\/\/www.linneenne-amiens.org\/wp-content\/uploads\/2025\/11\/2025-10-20_Clavariadelphus-pistillaris_A.Poitou-768x1024.jpg\" alt=\"Clavariadelphus pistillaris A.Poitou\" class=\"wp-image-3232\" srcset=\"https:\/\/www.linneenne-amiens.org\/wp-content\/uploads\/2025\/11\/2025-10-20_Clavariadelphus-pistillaris_A.Poitou-768x1024.jpg 768w, https:\/\/www.linneenne-amiens.org\/wp-content\/uploads\/2025\/11\/2025-10-20_Clavariadelphus-pistillaris_A.Poitou-225x300.jpg 225w, https:\/\/www.linneenne-amiens.org\/wp-content\/uploads\/2025\/11\/2025-10-20_Clavariadelphus-pistillaris_A.Poitou-1152x1536.jpg 1152w, https:\/\/www.linneenne-amiens.org\/wp-content\/uploads\/2025\/11\/2025-10-20_Clavariadelphus-pistillaris_A.Poitou-1536x2048.jpg 1536w, https:\/\/www.linneenne-amiens.org\/wp-content\/uploads\/2025\/11\/2025-10-20_Clavariadelphus-pistillaris_A.Poitou-scaled.jpg 1920w\" sizes=\"auto, (max-width: 768px) 100vw, 768px\" \/><\/a><figcaption class=\"wp-element-caption\">Clavariadelphus pistillaris A.Poitou<\/figcaption><\/figure>\n\n\n\n<figure class=\"wp-block-image size-large\"><a href=\"https:\/\/www.linneenne-amiens.org\/wp-content\/uploads\/2025\/11\/2025-10-20_Le-groupe-sur-un-chemein-forestier-en-foret-de-Hez-Froidmont_FW-scaled.jpg\"><img loading=\"lazy\" decoding=\"async\" width=\"1024\" height=\"683\" data-id=\"3231\" src=\"https:\/\/www.linneenne-amiens.org\/wp-content\/uploads\/2025\/11\/2025-10-20_Le-groupe-sur-un-chemein-forestier-en-foret-de-Hez-Froidmont_FW-1024x683.jpg\" alt=\"Le groupe sur un chemin forestier en for\u00eat de Hez-Froidmont\" class=\"wp-image-3231\" srcset=\"https:\/\/www.linneenne-amiens.org\/wp-content\/uploads\/2025\/11\/2025-10-20_Le-groupe-sur-un-chemein-forestier-en-foret-de-Hez-Froidmont_FW-1024x683.jpg 1024w, https:\/\/www.linneenne-amiens.org\/wp-content\/uploads\/2025\/11\/2025-10-20_Le-groupe-sur-un-chemein-forestier-en-foret-de-Hez-Froidmont_FW-300x200.jpg 300w, https:\/\/www.linneenne-amiens.org\/wp-content\/uploads\/2025\/11\/2025-10-20_Le-groupe-sur-un-chemein-forestier-en-foret-de-Hez-Froidmont_FW-768x512.jpg 768w, https:\/\/www.linneenne-amiens.org\/wp-content\/uploads\/2025\/11\/2025-10-20_Le-groupe-sur-un-chemein-forestier-en-foret-de-Hez-Froidmont_FW-1536x1024.jpg 1536w, https:\/\/www.linneenne-amiens.org\/wp-content\/uploads\/2025\/11\/2025-10-20_Le-groupe-sur-un-chemein-forestier-en-foret-de-Hez-Froidmont_FW-2048x1365.jpg 2048w\" sizes=\"auto, (max-width: 1024px) 100vw, 1024px\" \/><\/a><figcaption class=\"wp-element-caption\">Le groupe sur un chemin forestier en for\u00eat de Hez-Froidmont<\/figcaption><\/figure>\n\n\n\n<figure class=\"wp-block-image size-large\"><a href=\"https:\/\/www.linneenne-amiens.org\/wp-content\/uploads\/2025\/11\/2025-10-20_dans-la-foret-de-Hez-Froidmont_C.Deweer-scaled.jpg\"><img loading=\"lazy\" decoding=\"async\" width=\"1024\" height=\"472\" data-id=\"3230\" src=\"https:\/\/www.linneenne-amiens.org\/wp-content\/uploads\/2025\/11\/2025-10-20_dans-la-foret-de-Hez-Froidmont_C.Deweer-1024x472.jpg\" alt=\"Dans la for\u00eat de Hez-Froidmont C.Deweer\" class=\"wp-image-3230\" srcset=\"https:\/\/www.linneenne-amiens.org\/wp-content\/uploads\/2025\/11\/2025-10-20_dans-la-foret-de-Hez-Froidmont_C.Deweer-1024x472.jpg 1024w, https:\/\/www.linneenne-amiens.org\/wp-content\/uploads\/2025\/11\/2025-10-20_dans-la-foret-de-Hez-Froidmont_C.Deweer-300x138.jpg 300w, https:\/\/www.linneenne-amiens.org\/wp-content\/uploads\/2025\/11\/2025-10-20_dans-la-foret-de-Hez-Froidmont_C.Deweer-768x354.jpg 768w, https:\/\/www.linneenne-amiens.org\/wp-content\/uploads\/2025\/11\/2025-10-20_dans-la-foret-de-Hez-Froidmont_C.Deweer-1536x709.jpg 1536w, https:\/\/www.linneenne-amiens.org\/wp-content\/uploads\/2025\/11\/2025-10-20_dans-la-foret-de-Hez-Froidmont_C.Deweer-2048x945.jpg 2048w\" sizes=\"auto, (max-width: 1024px) 100vw, 1024px\" \/><\/a><figcaption class=\"wp-element-caption\">Dans la for\u00eat de Hez-Froidmont C.Deweer<\/figcaption><\/figure>\n\n\n\n<figure class=\"wp-block-image size-large\"><a href=\"https:\/\/www.linneenne-amiens.org\/wp-content\/uploads\/2025\/11\/2025-10-20_sur-le-bord-de-letang-de-la-Neuville-en-Hez_FW-scaled.jpg\"><img loading=\"lazy\" decoding=\"async\" width=\"1024\" height=\"683\" data-id=\"3229\" src=\"https:\/\/www.linneenne-amiens.org\/wp-content\/uploads\/2025\/11\/2025-10-20_sur-le-bord-de-letang-de-la-Neuville-en-Hez_FW-1024x683.jpg\" alt=\"Sur le bord de l'\u00e9tang de la Neuville-en-Hez FW\" class=\"wp-image-3229\" srcset=\"https:\/\/www.linneenne-amiens.org\/wp-content\/uploads\/2025\/11\/2025-10-20_sur-le-bord-de-letang-de-la-Neuville-en-Hez_FW-1024x683.jpg 1024w, https:\/\/www.linneenne-amiens.org\/wp-content\/uploads\/2025\/11\/2025-10-20_sur-le-bord-de-letang-de-la-Neuville-en-Hez_FW-300x200.jpg 300w, https:\/\/www.linneenne-amiens.org\/wp-content\/uploads\/2025\/11\/2025-10-20_sur-le-bord-de-letang-de-la-Neuville-en-Hez_FW-768x512.jpg 768w, https:\/\/www.linneenne-amiens.org\/wp-content\/uploads\/2025\/11\/2025-10-20_sur-le-bord-de-letang-de-la-Neuville-en-Hez_FW-1536x1024.jpg 1536w, https:\/\/www.linneenne-amiens.org\/wp-content\/uploads\/2025\/11\/2025-10-20_sur-le-bord-de-letang-de-la-Neuville-en-Hez_FW-2048x1365.jpg 2048w\" sizes=\"auto, (max-width: 1024px) 100vw, 1024px\" \/><\/a><figcaption class=\"wp-element-caption\">Sur le bord de l&rsquo;\u00e9tang de la Neuville-en-Hez FW<\/figcaption><\/figure>\n\n\n\n<figure class=\"wp-block-image size-large\"><a href=\"https:\/\/www.linneenne-amiens.org\/wp-content\/uploads\/2025\/11\/2025-10-20_Agaricus-moelleri_A.Poitou-scaled.jpg\"><img loading=\"lazy\" decoding=\"async\" width=\"768\" height=\"1024\" data-id=\"3228\" src=\"https:\/\/www.linneenne-amiens.org\/wp-content\/uploads\/2025\/11\/2025-10-20_Agaricus-moelleri_A.Poitou-768x1024.jpg\" alt=\"Agaricus moelleri A.Poitou\" class=\"wp-image-3228\" srcset=\"https:\/\/www.linneenne-amiens.org\/wp-content\/uploads\/2025\/11\/2025-10-20_Agaricus-moelleri_A.Poitou-768x1024.jpg 768w, https:\/\/www.linneenne-amiens.org\/wp-content\/uploads\/2025\/11\/2025-10-20_Agaricus-moelleri_A.Poitou-225x300.jpg 225w, https:\/\/www.linneenne-amiens.org\/wp-content\/uploads\/2025\/11\/2025-10-20_Agaricus-moelleri_A.Poitou-1152x1536.jpg 1152w, https:\/\/www.linneenne-amiens.org\/wp-content\/uploads\/2025\/11\/2025-10-20_Agaricus-moelleri_A.Poitou-1536x2048.jpg 1536w, https:\/\/www.linneenne-amiens.org\/wp-content\/uploads\/2025\/11\/2025-10-20_Agaricus-moelleri_A.Poitou-scaled.jpg 1920w\" sizes=\"auto, (max-width: 768px) 100vw, 768px\" \/><\/a><figcaption class=\"wp-element-caption\">Agaricus moelleri A.Poitou<\/figcaption><\/figure>\n<\/figure>\n","protected":false},"excerpt":{"rendered":"<p>Sortie mycologique avec la SLNP et l\u2019Association des Botanistes et Mycologues amateurs de la r\u00e9gion de Senlis (ABMARS). Une vingtaine de participants pour 83 esp\u00e8ces relev\u00e9es. For\u00eat de Hez-Froidmont ( <a class=\"more-link\" href=\"https:\/\/www.linneenne-amiens.org\/?p=3252\">Continuer la lecture \u2192<\/a><\/p>\n","protected":false},"author":1,"featured_media":3231,"comment_status":"open","ping_status":"open","sticky":false,"template":"","format":"standard","meta":{"footnotes":""},"categories":[29,17,25,26],"tags":[],"class_list":["post-3252","post","type-post","status-publish","format-standard","has-post-thumbnail","hentry","category-evenement","category-mycologie","category-retrospective","category-sortie"],"yoast_head":"<!-- This site is optimized with the Yoast SEO plugin v27.5 - https:\/\/yoast.com\/product\/yoast-seo-wordpress\/ -->\n<title>2025-10-20 R\u00e9trospective photo - Foret de Hez-Foidmont - Soci\u00e9t\u00e9 linn\u00e9enne Nord-Picardie<\/title>\n<meta name=\"robots\" content=\"index, follow, max-snippet:-1, max-image-preview:large, max-video-preview:-1\" \/>\n<link rel=\"canonical\" href=\"https:\/\/www.linneenne-amiens.org\/?p=3252\" \/>\n<meta property=\"og:locale\" content=\"fr_FR\" \/>\n<meta property=\"og:type\" content=\"article\" \/>\n<meta property=\"og:title\" content=\"2025-10-20 R\u00e9trospective photo - Foret de Hez-Foidmont - Soci\u00e9t\u00e9 linn\u00e9enne Nord-Picardie\" \/>\n<meta property=\"og:description\" content=\"Sortie mycologique avec la SLNP et l\u2019Association des Botanistes et Mycologues amateurs de la r\u00e9gion de Senlis (ABMARS). Une vingtaine de participants pour 83 esp\u00e8ces relev\u00e9es. For\u00eat de Hez-Froidmont ( Continuer la lecture \u2192\" \/>\n<meta property=\"og:url\" content=\"https:\/\/www.linneenne-amiens.org\/?p=3252\" \/>\n<meta property=\"og:site_name\" content=\"Soci\u00e9t\u00e9 linn\u00e9enne Nord-Picardie\" \/>\n<meta property=\"article:publisher\" content=\"https:\/\/www.facebook.com\/slnp80\" \/>\n<meta property=\"article:published_time\" content=\"2025-11-22T10:40:45+00:00\" \/>\n<meta property=\"article:modified_time\" content=\"2025-11-22T10:50:32+00:00\" \/>\n<meta property=\"og:image\" content=\"https:\/\/www.linneenne-amiens.org\/wp-content\/uploads\/2025\/11\/2025-10-20_Le-groupe-sur-un-chemein-forestier-en-foret-de-Hez-Froidmont_FW-scaled.jpg\" \/>\n\t<meta property=\"og:image:width\" content=\"2560\" \/>\n\t<meta property=\"og:image:height\" content=\"1707\" \/>\n\t<meta property=\"og:image:type\" content=\"image\/jpeg\" \/>\n<meta name=\"author\" content=\"admin\" \/>\n<meta name=\"twitter:label1\" content=\"\u00c9crit par\" \/>\n\t<meta name=\"twitter:data1\" content=\"admin\" \/>\n\t<meta name=\"twitter:label2\" content=\"Dur\u00e9e de lecture estim\u00e9e\" \/>\n\t<meta name=\"twitter:data2\" content=\"2 minutes\" \/>\n<script type=\"application\/ld+json\" class=\"yoast-schema-graph\">{\"@context\":\"https:\\\/\\\/schema.org\",\"@graph\":[{\"@type\":\"Article\",\"@id\":\"https:\\\/\\\/www.linneenne-amiens.org\\\/?p=3252#article\",\"isPartOf\":{\"@id\":\"https:\\\/\\\/www.linneenne-amiens.org\\\/?p=3252\"},\"author\":{\"name\":\"admin\",\"@id\":\"https:\\\/\\\/www.linneenne-amiens.org\\\/#\\\/schema\\\/person\\\/78a8ed1743efb910c89a287861cae480\"},\"headline\":\"2025-10-20 R\u00e9trospective photo &#8211; Foret de Hez-Foidmont\",\"datePublished\":\"2025-11-22T10:40:45+00:00\",\"dateModified\":\"2025-11-22T10:50:32+00:00\",\"mainEntityOfPage\":{\"@id\":\"https:\\\/\\\/www.linneenne-amiens.org\\\/?p=3252\"},\"wordCount\":99,\"commentCount\":0,\"publisher\":{\"@id\":\"https:\\\/\\\/www.linneenne-amiens.org\\\/#organization\"},\"image\":{\"@id\":\"https:\\\/\\\/www.linneenne-amiens.org\\\/?p=3252#primaryimage\"},\"thumbnailUrl\":\"https:\\\/\\\/www.linneenne-amiens.org\\\/wp-content\\\/uploads\\\/2025\\\/11\\\/2025-10-20_Le-groupe-sur-un-chemein-forestier-en-foret-de-Hez-Froidmont_FW-scaled.jpg\",\"articleSection\":[\"Ev\u00e9nement\",\"Mycologie\",\"R\u00e9trospective\",\"Sortie\"],\"inLanguage\":\"fr-FR\",\"potentialAction\":[{\"@type\":\"CommentAction\",\"name\":\"Comment\",\"target\":[\"https:\\\/\\\/www.linneenne-amiens.org\\\/?p=3252#respond\"]}]},{\"@type\":\"WebPage\",\"@id\":\"https:\\\/\\\/www.linneenne-amiens.org\\\/?p=3252\",\"url\":\"https:\\\/\\\/www.linneenne-amiens.org\\\/?p=3252\",\"name\":\"2025-10-20 R\u00e9trospective photo - Foret de Hez-Foidmont - Soci\u00e9t\u00e9 linn\u00e9enne Nord-Picardie\",\"isPartOf\":{\"@id\":\"https:\\\/\\\/www.linneenne-amiens.org\\\/#website\"},\"primaryImageOfPage\":{\"@id\":\"https:\\\/\\\/www.linneenne-amiens.org\\\/?p=3252#primaryimage\"},\"image\":{\"@id\":\"https:\\\/\\\/www.linneenne-amiens.org\\\/?p=3252#primaryimage\"},\"thumbnailUrl\":\"https:\\\/\\\/www.linneenne-amiens.org\\\/wp-content\\\/uploads\\\/2025\\\/11\\\/2025-10-20_Le-groupe-sur-un-chemein-forestier-en-foret-de-Hez-Froidmont_FW-scaled.jpg\",\"datePublished\":\"2025-11-22T10:40:45+00:00\",\"dateModified\":\"2025-11-22T10:50:32+00:00\",\"breadcrumb\":{\"@id\":\"https:\\\/\\\/www.linneenne-amiens.org\\\/?p=3252#breadcrumb\"},\"inLanguage\":\"fr-FR\",\"potentialAction\":[{\"@type\":\"ReadAction\",\"target\":[\"https:\\\/\\\/www.linneenne-amiens.org\\\/?p=3252\"]}]},{\"@type\":\"ImageObject\",\"inLanguage\":\"fr-FR\",\"@id\":\"https:\\\/\\\/www.linneenne-amiens.org\\\/?p=3252#primaryimage\",\"url\":\"https:\\\/\\\/www.linneenne-amiens.org\\\/wp-content\\\/uploads\\\/2025\\\/11\\\/2025-10-20_Le-groupe-sur-un-chemein-forestier-en-foret-de-Hez-Froidmont_FW-scaled.jpg\",\"contentUrl\":\"https:\\\/\\\/www.linneenne-amiens.org\\\/wp-content\\\/uploads\\\/2025\\\/11\\\/2025-10-20_Le-groupe-sur-un-chemein-forestier-en-foret-de-Hez-Froidmont_FW-scaled.jpg\",\"width\":2560,\"height\":1707,\"caption\":\"Le groupe sur un chemin forestier en for\u00eat de Hez-Froidmont\"},{\"@type\":\"BreadcrumbList\",\"@id\":\"https:\\\/\\\/www.linneenne-amiens.org\\\/?p=3252#breadcrumb\",\"itemListElement\":[{\"@type\":\"ListItem\",\"position\":1,\"name\":\"Accueil\",\"item\":\"https:\\\/\\\/www.linneenne-amiens.org\\\/\"},{\"@type\":\"ListItem\",\"position\":2,\"name\":\"2025-10-20 R\u00e9trospective photo &#8211; Foret de Hez-Foidmont\"}]},{\"@type\":\"WebSite\",\"@id\":\"https:\\\/\\\/www.linneenne-amiens.org\\\/#website\",\"url\":\"https:\\\/\\\/www.linneenne-amiens.org\\\/\",\"name\":\"Soci\u00e9t\u00e9 Linn\u00e9enne Nord-Picardie\",\"description\":\"A la d\u00e9couverte des sciences de la nature !\",\"publisher\":{\"@id\":\"https:\\\/\\\/www.linneenne-amiens.org\\\/#organization\"},\"potentialAction\":[{\"@type\":\"SearchAction\",\"target\":{\"@type\":\"EntryPoint\",\"urlTemplate\":\"https:\\\/\\\/www.linneenne-amiens.org\\\/?s={search_term_string}\"},\"query-input\":{\"@type\":\"PropertyValueSpecification\",\"valueRequired\":true,\"valueName\":\"search_term_string\"}}],\"inLanguage\":\"fr-FR\"},{\"@type\":\"Organization\",\"@id\":\"https:\\\/\\\/www.linneenne-amiens.org\\\/#organization\",\"name\":\"Soci\u00e9t\u00e9 Linn\u00e9enne Nord-Picardie\",\"url\":\"https:\\\/\\\/www.linneenne-amiens.org\\\/\",\"logo\":{\"@type\":\"ImageObject\",\"inLanguage\":\"fr-FR\",\"@id\":\"https:\\\/\\\/www.linneenne-amiens.org\\\/#\\\/schema\\\/logo\\\/image\\\/\",\"url\":\"https:\\\/\\\/www.linneenne-amiens.org\\\/wp-content\\\/uploads\\\/2025\\\/07\\\/cropped-logo-entete.png\",\"contentUrl\":\"https:\\\/\\\/www.linneenne-amiens.org\\\/wp-content\\\/uploads\\\/2025\\\/07\\\/cropped-logo-entete.png\",\"width\":128,\"height\":113,\"caption\":\"Soci\u00e9t\u00e9 Linn\u00e9enne Nord-Picardie\"},\"image\":{\"@id\":\"https:\\\/\\\/www.linneenne-amiens.org\\\/#\\\/schema\\\/logo\\\/image\\\/\"},\"sameAs\":[\"https:\\\/\\\/www.facebook.com\\\/slnp80\"]},{\"@type\":\"Person\",\"@id\":\"https:\\\/\\\/www.linneenne-amiens.org\\\/#\\\/schema\\\/person\\\/78a8ed1743efb910c89a287861cae480\",\"name\":\"admin\",\"image\":{\"@type\":\"ImageObject\",\"inLanguage\":\"fr-FR\",\"@id\":\"https:\\\/\\\/secure.gravatar.com\\\/avatar\\\/01db738115c42fa15cb8ce374fcfed9ca9f1948e9c5865d4205ecd0e4c2bb439?s=96&d=mm&r=g\",\"url\":\"https:\\\/\\\/secure.gravatar.com\\\/avatar\\\/01db738115c42fa15cb8ce374fcfed9ca9f1948e9c5865d4205ecd0e4c2bb439?s=96&d=mm&r=g\",\"contentUrl\":\"https:\\\/\\\/secure.gravatar.com\\\/avatar\\\/01db738115c42fa15cb8ce374fcfed9ca9f1948e9c5865d4205ecd0e4c2bb439?s=96&d=mm&r=g\",\"caption\":\"admin\"},\"sameAs\":[\"https:\\\/\\\/linneenne-amiens.org\"],\"url\":\"https:\\\/\\\/www.linneenne-amiens.org\\\/?author=1\"}]}<\/script>\n<!-- \/ Yoast SEO plugin. -->","yoast_head_json":{"title":"2025-10-20 R\u00e9trospective photo - Foret de Hez-Foidmont - Soci\u00e9t\u00e9 linn\u00e9enne Nord-Picardie","robots":{"index":"index","follow":"follow","max-snippet":"max-snippet:-1","max-image-preview":"max-image-preview:large","max-video-preview":"max-video-preview:-1"},"canonical":"https:\/\/www.linneenne-amiens.org\/?p=3252","og_locale":"fr_FR","og_type":"article","og_title":"2025-10-20 R\u00e9trospective photo - Foret de Hez-Foidmont - Soci\u00e9t\u00e9 linn\u00e9enne Nord-Picardie","og_description":"Sortie mycologique avec la SLNP et l\u2019Association des Botanistes et Mycologues amateurs de la r\u00e9gion de Senlis (ABMARS). Une vingtaine de participants pour 83 esp\u00e8ces relev\u00e9es. For\u00eat de Hez-Froidmont ( Continuer la lecture \u2192","og_url":"https:\/\/www.linneenne-amiens.org\/?p=3252","og_site_name":"Soci\u00e9t\u00e9 linn\u00e9enne Nord-Picardie","article_publisher":"https:\/\/www.facebook.com\/slnp80","article_published_time":"2025-11-22T10:40:45+00:00","article_modified_time":"2025-11-22T10:50:32+00:00","og_image":[{"width":2560,"height":1707,"url":"https:\/\/www.linneenne-amiens.org\/wp-content\/uploads\/2025\/11\/2025-10-20_Le-groupe-sur-un-chemein-forestier-en-foret-de-Hez-Froidmont_FW-scaled.jpg","type":"image\/jpeg"}],"author":"admin","twitter_misc":{"\u00c9crit par":"admin","Dur\u00e9e de lecture estim\u00e9e":"2 minutes"},"schema":{"@context":"https:\/\/schema.org","@graph":[{"@type":"Article","@id":"https:\/\/www.linneenne-amiens.org\/?p=3252#article","isPartOf":{"@id":"https:\/\/www.linneenne-amiens.org\/?p=3252"},"author":{"name":"admin","@id":"https:\/\/www.linneenne-amiens.org\/#\/schema\/person\/78a8ed1743efb910c89a287861cae480"},"headline":"2025-10-20 R\u00e9trospective photo &#8211; Foret de Hez-Foidmont","datePublished":"2025-11-22T10:40:45+00:00","dateModified":"2025-11-22T10:50:32+00:00","mainEntityOfPage":{"@id":"https:\/\/www.linneenne-amiens.org\/?p=3252"},"wordCount":99,"commentCount":0,"publisher":{"@id":"https:\/\/www.linneenne-amiens.org\/#organization"},"image":{"@id":"https:\/\/www.linneenne-amiens.org\/?p=3252#primaryimage"},"thumbnailUrl":"https:\/\/www.linneenne-amiens.org\/wp-content\/uploads\/2025\/11\/2025-10-20_Le-groupe-sur-un-chemein-forestier-en-foret-de-Hez-Froidmont_FW-scaled.jpg","articleSection":["Ev\u00e9nement","Mycologie","R\u00e9trospective","Sortie"],"inLanguage":"fr-FR","potentialAction":[{"@type":"CommentAction","name":"Comment","target":["https:\/\/www.linneenne-amiens.org\/?p=3252#respond"]}]},{"@type":"WebPage","@id":"https:\/\/www.linneenne-amiens.org\/?p=3252","url":"https:\/\/www.linneenne-amiens.org\/?p=3252","name":"2025-10-20 R\u00e9trospective photo - Foret de Hez-Foidmont - Soci\u00e9t\u00e9 linn\u00e9enne Nord-Picardie","isPartOf":{"@id":"https:\/\/www.linneenne-amiens.org\/#website"},"primaryImageOfPage":{"@id":"https:\/\/www.linneenne-amiens.org\/?p=3252#primaryimage"},"image":{"@id":"https:\/\/www.linneenne-amiens.org\/?p=3252#primaryimage"},"thumbnailUrl":"https:\/\/www.linneenne-amiens.org\/wp-content\/uploads\/2025\/11\/2025-10-20_Le-groupe-sur-un-chemein-forestier-en-foret-de-Hez-Froidmont_FW-scaled.jpg","datePublished":"2025-11-22T10:40:45+00:00","dateModified":"2025-11-22T10:50:32+00:00","breadcrumb":{"@id":"https:\/\/www.linneenne-amiens.org\/?p=3252#breadcrumb"},"inLanguage":"fr-FR","potentialAction":[{"@type":"ReadAction","target":["https:\/\/www.linneenne-amiens.org\/?p=3252"]}]},{"@type":"ImageObject","inLanguage":"fr-FR","@id":"https:\/\/www.linneenne-amiens.org\/?p=3252#primaryimage","url":"https:\/\/www.linneenne-amiens.org\/wp-content\/uploads\/2025\/11\/2025-10-20_Le-groupe-sur-un-chemein-forestier-en-foret-de-Hez-Froidmont_FW-scaled.jpg","contentUrl":"https:\/\/www.linneenne-amiens.org\/wp-content\/uploads\/2025\/11\/2025-10-20_Le-groupe-sur-un-chemein-forestier-en-foret-de-Hez-Froidmont_FW-scaled.jpg","width":2560,"height":1707,"caption":"Le groupe sur un chemin forestier en for\u00eat de Hez-Froidmont"},{"@type":"BreadcrumbList","@id":"https:\/\/www.linneenne-amiens.org\/?p=3252#breadcrumb","itemListElement":[{"@type":"ListItem","position":1,"name":"Accueil","item":"https:\/\/www.linneenne-amiens.org\/"},{"@type":"ListItem","position":2,"name":"2025-10-20 R\u00e9trospective photo &#8211; Foret de Hez-Foidmont"}]},{"@type":"WebSite","@id":"https:\/\/www.linneenne-amiens.org\/#website","url":"https:\/\/www.linneenne-amiens.org\/","name":"Soci\u00e9t\u00e9 Linn\u00e9enne Nord-Picardie","description":"A la d\u00e9couverte des sciences de la nature !","publisher":{"@id":"https:\/\/www.linneenne-amiens.org\/#organization"},"potentialAction":[{"@type":"SearchAction","target":{"@type":"EntryPoint","urlTemplate":"https:\/\/www.linneenne-amiens.org\/?s={search_term_string}"},"query-input":{"@type":"PropertyValueSpecification","valueRequired":true,"valueName":"search_term_string"}}],"inLanguage":"fr-FR"},{"@type":"Organization","@id":"https:\/\/www.linneenne-amiens.org\/#organization","name":"Soci\u00e9t\u00e9 Linn\u00e9enne Nord-Picardie","url":"https:\/\/www.linneenne-amiens.org\/","logo":{"@type":"ImageObject","inLanguage":"fr-FR","@id":"https:\/\/www.linneenne-amiens.org\/#\/schema\/logo\/image\/","url":"https:\/\/www.linneenne-amiens.org\/wp-content\/uploads\/2025\/07\/cropped-logo-entete.png","contentUrl":"https:\/\/www.linneenne-amiens.org\/wp-content\/uploads\/2025\/07\/cropped-logo-entete.png","width":128,"height":113,"caption":"Soci\u00e9t\u00e9 Linn\u00e9enne Nord-Picardie"},"image":{"@id":"https:\/\/www.linneenne-amiens.org\/#\/schema\/logo\/image\/"},"sameAs":["https:\/\/www.facebook.com\/slnp80"]},{"@type":"Person","@id":"https:\/\/www.linneenne-amiens.org\/#\/schema\/person\/78a8ed1743efb910c89a287861cae480","name":"admin","image":{"@type":"ImageObject","inLanguage":"fr-FR","@id":"https:\/\/secure.gravatar.com\/avatar\/01db738115c42fa15cb8ce374fcfed9ca9f1948e9c5865d4205ecd0e4c2bb439?s=96&d=mm&r=g","url":"https:\/\/secure.gravatar.com\/avatar\/01db738115c42fa15cb8ce374fcfed9ca9f1948e9c5865d4205ecd0e4c2bb439?s=96&d=mm&r=g","contentUrl":"https:\/\/secure.gravatar.com\/avatar\/01db738115c42fa15cb8ce374fcfed9ca9f1948e9c5865d4205ecd0e4c2bb439?s=96&d=mm&r=g","caption":"admin"},"sameAs":["https:\/\/linneenne-amiens.org"],"url":"https:\/\/www.linneenne-amiens.org\/?author=1"}]}},"_links":{"self":[{"href":"https:\/\/www.linneenne-amiens.org\/index.php?rest_route=\/wp\/v2\/posts\/3252","targetHints":{"allow":["GET"]}}],"collection":[{"href":"https:\/\/www.linneenne-amiens.org\/index.php?rest_route=\/wp\/v2\/posts"}],"about":[{"href":"https:\/\/www.linneenne-amiens.org\/index.php?rest_route=\/wp\/v2\/types\/post"}],"author":[{"embeddable":true,"href":"https:\/\/www.linneenne-amiens.org\/index.php?rest_route=\/wp\/v2\/users\/1"}],"replies":[{"embeddable":true,"href":"https:\/\/www.linneenne-amiens.org\/index.php?rest_route=%2Fwp%2Fv2%2Fcomments&post=3252"}],"version-history":[{"count":4,"href":"https:\/\/www.linneenne-amiens.org\/index.php?rest_route=\/wp\/v2\/posts\/3252\/revisions"}],"predecessor-version":[{"id":3258,"href":"https:\/\/www.linneenne-amiens.org\/index.php?rest_route=\/wp\/v2\/posts\/3252\/revisions\/3258"}],"wp:featuredmedia":[{"embeddable":true,"href":"https:\/\/www.linneenne-amiens.org\/index.php?rest_route=\/wp\/v2\/media\/3231"}],"wp:attachment":[{"href":"https:\/\/www.linneenne-amiens.org\/index.php?rest_route=%2Fwp%2Fv2%2Fmedia&parent=3252"}],"wp:term":[{"taxonomy":"category","embeddable":true,"href":"https:\/\/www.linneenne-amiens.org\/index.php?rest_route=%2Fwp%2Fv2%2Fcategories&post=3252"},{"taxonomy":"post_tag","embeddable":true,"href":"https:\/\/www.linneenne-amiens.org\/index.php?rest_route=%2Fwp%2Fv2%2Ftags&post=3252"}],"curies":[{"name":"wp","href":"https:\/\/api.w.org\/{rel}","templated":true}]}}